{"id":613,"date":"2025-08-01T12:12:57","date_gmt":"2025-08-01T12:12:57","guid":{"rendered":"https:\/\/osmanlipartisi.org.tr\/?p=613"},"modified":"2025-08-01T12:13:27","modified_gmt":"2025-08-01T12:13:27","slug":"uretime-dayali-ekonomi","status":"publish","type":"post","link":"https:\/\/osmanlipartisi.org.tr\/?p=613","title":{"rendered":"\u00dcRET\u0130ME DAYALI EKONOM\u0130"},"content":{"rendered":"\n<p>G\u00fcn\u00fcm\u00fczdeki ekonomik politikalar vatanda\u015f\u0131ma gayri milli has\u0131lada belirtilenin aksine daha fazla yans\u0131maktad\u0131r. \u00c7ift\u00e7iye hayvanc\u0131l\u0131\u011fa \u00fcretime dayal\u0131 ekonomiye gerekenden daha az kaynak ayr\u0131lmaktad\u0131r. \u00c7ift\u00e7imize geri \u00f6demesiz destek paketlerini daha fazla ay\u0131r\u0131p ula\u015fmalar\u0131n\u0131 kolayla\u015ft\u0131rarak form\u00fcller bulmal\u0131y\u0131z. Tar\u0131m alanlar\u0131n\u0131n korunmas\u0131nda yerli tohumla \u00fcretim yap\u0131lmas\u0131nda tarladaki \u00fcr\u00fcn\u00fcn i\u00e7 ve d\u0131\u015f piyasaya ula\u015ft\u0131r\u0131lmas\u0131nda etkili kesin somut \u00e7\u00f6z\u00fcmler \u00fcretmeliyiz. Mevsimlik i\u015f\u00e7i yem, gide, konular\u0131nda aksayan y\u00f6nleri d\u00fczeltip i\u015f g\u00fcc\u00fc olarak daha fazla istihdam sa\u011flamal\u0131y\u0131z.<br>G\u00fcnl\u00fck ya\u015fant\u0131m\u0131zda \u00fclkemiz \u015fuan t\u00fcketme dayal\u0131 bir toplum haline gelmi\u015f durumda bir an \u00f6nce mesleki e\u011fitim i\u015f alanlar\u0131 arge \u00e7al\u0131\u015fmalar\u0131 yaparak bir\u00e7ok \u00fcniversite mezunu bo\u015fta kalan gen\u00e7lerimizi \u00fcretime kazand\u0131rmal\u0131y\u0131z. Bug\u00fcn itibari ile vatanda\u015f\u0131m\u0131z bor\u00e7 y\u00fck\u00fc alt\u0131nda, kalm\u0131\u015f durumdad\u0131r<br>Ekonomik s\u0131k\u0131nt\u0131dan aileler par\u00e7alanmakta toplumda b\u00fcy\u00fck gerginlikler olmakta sosyal ya\u015fam olumsuz y\u00f6nde etkilenmektedir.<br>Osmanl\u0131 partisi olarak biz \u00fcretime dayal\u0131 yerli ve milli bir ekonomiden yana politika izleyip k\u00fc\u00e7\u00fck i\u015fletmeleri destekleyerek katma de\u011feri y\u00fcksek \u00fcretime y\u00f6nlendirilecek yeni geni\u015f i\u015f olanlar\u0131 a\u00e7arak ekonomiye b\u00fct\u00fcn vatanda\u015flar\u0131n katk\u0131 sa\u011flayaca\u011f\u0131 i\u015f sabahlar\u0131 a\u00e7arak refah ve huzurun \u00e7\u00f6z\u00fcm\u00fc olaca\u011f\u0131z. Parti program\u0131m\u0131zda daha ayr\u0131nt\u0131l\u0131 ve kapsaml\u0131 \u00e7al\u0131\u015fmalar\u0131m\u0131z. Bulunmaktad\u0131r. Bunlar\u0131 tek tek hayata ge\u00e7irece\u011fiz.<br>HAB\u0130B GELE\u015e<\/p>\n","protected":false},"excerpt":{"rendered":"<p>G\u00fcn\u00fcm\u00fczdeki ekonomik politikalar vatanda\u015f\u0131ma gayri milli has\u0131lada belirtilenin aksine daha fazla yans\u0131maktad\u0131r. \u00c7ift\u00e7iye hayvanc\u0131l\u0131\u011fa \u00fcretime dayal\u0131 ekonomiye gerekenden daha az kaynak ayr\u0131lmaktad\u0131r. \u00c7ift\u00e7imize geri \u00f6demesiz destek paketlerini daha fazla ay\u0131r\u0131p ula\u015fmalar\u0131n\u0131 kolayla\u015ft\u0131rarak form\u00fcller bulmal\u0131y\u0131z. Tar\u0131m alanlar\u0131n\u0131n korunmas\u0131nda yerli tohumla \u00fcretim yap\u0131lmas\u0131nda tarladaki \u00fcr\u00fcn\u00fcn i\u00e7 ve d\u0131\u015f piyasaya ula\u015ft\u0131r\u0131lmas\u0131nda etkili kesin somut \u00e7\u00f6z\u00fcmler \u00fcretmeliyiz. Mevsimlik i\u015f\u00e7i [&hellip;]<\/p>\n","protected":false},"author":1,"featured_media":616,"comment_status":"open","ping_status":"open","sticky":false,"template":"","format":"standard","meta":{"give_campaign_id":0,"jnews-multi-image_gallery":[],"jnews_single_post":[],"jnews_primary_category":[],"jnews_social_meta":[],"jnews_review":[],"enable_review":"","type":"","name":"","summary":"","brand":"","sku":"","good":[],"bad":[],"score_override":"","override_value":"","rating":[],"price":[],"jnews_override_counter":[],"jnews_post_split":[],"footnotes":""},"categories":[13],"tags":[],"class_list":["post-613","post","type-post","status-publish","format-standard","has-post-thumbnail","hentry","category-gundem"],"_links":{"self":[{"href":"https:\/\/osmanlipartisi.org.tr\/index.php?rest_route=\/wp\/v2\/posts\/613","targetHints":{"allow":["GET"]}}],"collection":[{"href":"https:\/\/osmanlipartisi.org.tr\/index.php?rest_route=\/wp\/v2\/posts"}],"about":[{"href":"https:\/\/osmanlipartisi.org.tr\/index.php?rest_route=\/wp\/v2\/types\/post"}],"author":[{"embeddable":true,"href":"https:\/\/osmanlipartisi.org.tr\/index.php?rest_route=\/wp\/v2\/users\/1"}],"replies":[{"embeddable":true,"href":"https:\/\/osmanlipartisi.org.tr\/index.php?rest_route=%2Fwp%2Fv2%2Fcomments&post=613"}],"version-history":[{"count":1,"href":"https:\/\/osmanlipartisi.org.tr\/index.php?rest_route=\/wp\/v2\/posts\/613\/revisions"}],"predecessor-version":[{"id":615,"href":"https:\/\/osmanlipartisi.org.tr\/index.php?rest_route=\/wp\/v2\/posts\/613\/revisions\/615"}],"wp:featuredmedia":[{"embeddable":true,"href":"https:\/\/osmanlipartisi.org.tr\/index.php?rest_route=\/wp\/v2\/media\/616"}],"wp:attachment":[{"href":"https:\/\/osmanlipartisi.org.tr\/index.php?rest_route=%2Fwp%2Fv2%2Fmedia&parent=613"}],"wp:term":[{"taxonomy":"category","embeddable":true,"href":"https:\/\/osmanlipartisi.org.tr\/index.php?rest_route=%2Fwp%2Fv2%2Fcategories&post=613"},{"taxonomy":"post_tag","embeddable":true,"href":"https:\/\/osmanlipartisi.org.tr\/index.php?rest_route=%2Fwp%2Fv2%2Ftags&post=613"}],"curies":[{"name":"wp","href":"https:\/\/api.w.org\/{rel}","templated":true}]}}