{"id":604,"date":"2025-08-01T12:03:23","date_gmt":"2025-08-01T12:03:23","guid":{"rendered":"https:\/\/osmanlipartisi.org.tr\/?p=604"},"modified":"2025-08-01T12:03:23","modified_gmt":"2025-08-01T12:03:23","slug":"yeni-sivil-anayasa","status":"publish","type":"post","link":"https:\/\/osmanlipartisi.org.tr\/?p=604","title":{"rendered":"YEN\u0130 S\u0130V\u0130L ANAYASA"},"content":{"rendered":"\n<p>T\u00fcrkiye\u2019nin demokratikle\u015fme s\u00fcreci, milletimizin temel hak ve \u00f6zg\u00fcrl\u00fcklerinin g\u00fcvence alt\u0131na al\u0131nmas\u0131 ve devlet ile vatanda\u015f aras\u0131nda g\u00fc\u00e7l\u00fc bir hukuki ba\u011f kurulmas\u0131yla m\u00fcmk\u00fcnd\u00fcr. Osmanl\u0131 Partisi olarak, milli de\u011ferlerimize, tarihimize ve milletimizin beklentilerine uygun, adil, kapsay\u0131c\u0131 ve sivil bir anayasa haz\u0131rlanmas\u0131n\u0131n \u015fart oldu\u011funa inan\u0131yoruz.<\/p>\n\n\n\n<p>Yeni sivil anayasa; herkesin e\u015fit, \u00f6zg\u00fcr ve onurlu bireyler olarak ya\u015famalar\u0131n\u0131 g\u00fcvence alt\u0131na alacak; toplumun t\u00fcm kesimlerinin haklar\u0131n\u0131 koruyacak, devletin demokratik, laik ve sosyal hukuk devleti niteli\u011fini peki\u015ftirecek bir \u00e7er\u00e7eve sunacakt\u0131r.<\/p>\n\n\n\n<h4 class=\"wp-block-heading\">Politikalar\u0131m\u0131z ve Vaatlerimiz<\/h4>\n\n\n\n<p>\u2022 Anayasan\u0131n haz\u0131rlanma s\u00fcreci tamamen \u015feffaf ve kat\u0131l\u0131mc\u0131 olacak; sivil toplum, akademisyenler, hukuk\u00e7ular ve milletin t\u00fcm kesimlerinin g\u00f6r\u00fc\u015fleri al\u0131nacakt\u0131r.<\/p>\n\n\n\n<p>\u2022 Temel hak ve \u00f6zg\u00fcrl\u00fckler g\u00fc\u00e7lendirilecek; ifade \u00f6zg\u00fcrl\u00fc\u011f\u00fc, inan\u00e7 \u00f6zg\u00fcrl\u00fc\u011f\u00fc, d\u00fc\u015f\u00fcnce ve vicdan h\u00fcrriyeti anayasal g\u00fcvence alt\u0131na al\u0131nacakt\u0131r.<\/p>\n\n\n\n<p>\u2022 Devletin laiklik ilkesine ve sosyal hukuk devleti niteli\u011fine ba\u011fl\u0131l\u0131\u011f\u0131 korunacak; herkesin din, vicdan ve inan\u00e7 \u00f6zg\u00fcrl\u00fc\u011f\u00fc g\u00fcvence alt\u0131na al\u0131nacakt\u0131r.<\/p>\n\n\n\n<p>\u2022 Mill\u00ee birlik ve b\u00fct\u00fcnl\u00fc\u011f\u00fc zedeleyecek ayr\u0131mc\u0131, b\u00f6l\u00fcc\u00fc ve ter\u00f6rist faaliyetlere kar\u015f\u0131 etkili hukuki d\u00fczenlemeler yap\u0131lacakt\u0131r.<\/p>\n\n\n\n<p>\u2022 Yarg\u0131 ba\u011f\u0131ms\u0131zl\u0131\u011f\u0131 ve tarafs\u0131zl\u0131\u011f\u0131 sa\u011flanacak; adalet sistemi etkin, h\u0131zl\u0131 ve eri\u015filebilir hale getirilecektir.<\/p>\n\n\n\n<p>\u2022 Demokratik y\u00f6netim ilkeleri g\u00fc\u00e7lendirilecek; yerinden y\u00f6netim ve yerel \u00f6zerklik dengeli bi\u00e7imde tesis edilecektir.<\/p>\n\n\n\n<p>\u2022 Kad\u0131nlar\u0131n, gen\u00e7lerin, engellilerin ve az\u0131nl\u0131klar\u0131n anayasal haklar\u0131 kapsaml\u0131 \u015fekilde korunacak ve desteklenecektir.<\/p>\n\n\n\n<p>\u2022 Devlet kurumlar\u0131 aras\u0131nda g\u00f6rev ve yetki da\u011f\u0131l\u0131m\u0131 netle\u015ftirilecek, b\u00fcrokrasinin sadele\u015fmesi ve etkinle\u015fmesi sa\u011flanacakt\u0131r.<\/p>\n\n\n\n<p>Yeni sivil anayasa ile Osmanl\u0131 Partisi, T\u00fcrkiye\u2019nin demokratikle\u015fme yolunda sa\u011flam ad\u0131mlar atmas\u0131n\u0131; milletimizin huzur ve refah i\u00e7inde ya\u015famas\u0131n\u0131; hukuk devleti ve insan haklar\u0131n\u0131n tam anlam\u0131yla egemen k\u0131l\u0131nmas\u0131n\u0131 hedeflemektedir. \u00c7\u00fcnk\u00fc biz biliyoruz ki, g\u00fc\u00e7l\u00fc bir T\u00fcrkiye ancak adaletle, demokrasiyle ve milli birlikle m\u00fcmk\u00fcnd\u00fcr.<\/p>\n","protected":false},"excerpt":{"rendered":"<p>T\u00fcrkiye\u2019nin demokratikle\u015fme s\u00fcreci, milletimizin temel hak ve \u00f6zg\u00fcrl\u00fcklerinin g\u00fcvence alt\u0131na al\u0131nmas\u0131 ve devlet ile vatanda\u015f aras\u0131nda g\u00fc\u00e7l\u00fc bir hukuki ba\u011f kurulmas\u0131yla m\u00fcmk\u00fcnd\u00fcr. Osmanl\u0131 Partisi olarak, milli de\u011ferlerimize, tarihimize ve milletimizin beklentilerine uygun, adil, kapsay\u0131c\u0131 ve sivil bir anayasa haz\u0131rlanmas\u0131n\u0131n \u015fart oldu\u011funa inan\u0131yoruz. Yeni sivil anayasa; herkesin e\u015fit, \u00f6zg\u00fcr ve onurlu bireyler olarak ya\u015famalar\u0131n\u0131 g\u00fcvence alt\u0131na [&hellip;]<\/p>\n","protected":false},"author":1,"featured_media":605,"comment_status":"open","ping_status":"open","sticky":false,"template":"","format":"standard","meta":{"give_campaign_id":0,"jnews-multi-image_gallery":[],"jnews_single_post":[],"jnews_primary_category":[],"jnews_social_meta":[],"jnews_review":[],"enable_review":"","type":"","name":"","summary":"","brand":"","sku":"","good":[],"bad":[],"score_override":"","override_value":"","rating":[],"price":[],"jnews_override_counter":[],"jnews_post_split":[],"footnotes":""},"categories":[12],"tags":[],"class_list":["post-604","post","type-post","status-publish","format-standard","has-post-thumbnail","hentry","category-politika-ve-vaatlerimiz"],"_links":{"self":[{"href":"https:\/\/osmanlipartisi.org.tr\/index.php?rest_route=\/wp\/v2\/posts\/604","targetHints":{"allow":["GET"]}}],"collection":[{"href":"https:\/\/osmanlipartisi.org.tr\/index.php?rest_route=\/wp\/v2\/posts"}],"about":[{"href":"https:\/\/osmanlipartisi.org.tr\/index.php?rest_route=\/wp\/v2\/types\/post"}],"author":[{"embeddable":true,"href":"https:\/\/osmanlipartisi.org.tr\/index.php?rest_route=\/wp\/v2\/users\/1"}],"replies":[{"embeddable":true,"href":"https:\/\/osmanlipartisi.org.tr\/index.php?rest_route=%2Fwp%2Fv2%2Fcomments&post=604"}],"version-history":[{"count":1,"href":"https:\/\/osmanlipartisi.org.tr\/index.php?rest_route=\/wp\/v2\/posts\/604\/revisions"}],"predecessor-version":[{"id":606,"href":"https:\/\/osmanlipartisi.org.tr\/index.php?rest_route=\/wp\/v2\/posts\/604\/revisions\/606"}],"wp:featuredmedia":[{"embeddable":true,"href":"https:\/\/osmanlipartisi.org.tr\/index.php?rest_route=\/wp\/v2\/media\/605"}],"wp:attachment":[{"href":"https:\/\/osmanlipartisi.org.tr\/index.php?rest_route=%2Fwp%2Fv2%2Fmedia&parent=604"}],"wp:term":[{"taxonomy":"category","embeddable":true,"href":"https:\/\/osmanlipartisi.org.tr\/index.php?rest_route=%2Fwp%2Fv2%2Fcategories&post=604"},{"taxonomy":"post_tag","embeddable":true,"href":"https:\/\/osmanlipartisi.org.tr\/index.php?rest_route=%2Fwp%2Fv2%2Ftags&post=604"}],"curies":[{"name":"wp","href":"https:\/\/api.w.org\/{rel}","templated":true}]}}