{"id":600,"date":"2025-08-01T12:02:25","date_gmt":"2025-08-01T12:02:25","guid":{"rendered":"https:\/\/osmanlipartisi.org.tr\/?p=600"},"modified":"2025-08-01T12:02:25","modified_gmt":"2025-08-01T12:02:25","slug":"ulastirma","status":"publish","type":"post","link":"https:\/\/osmanlipartisi.org.tr\/?p=600","title":{"rendered":"ULA\u015eTIRMA"},"content":{"rendered":"\n<p>Ula\u015ft\u0131rma, bir milletin ekonomik b\u00fcy\u00fcmesinin, sosyal b\u00fct\u00fcnl\u00fc\u011f\u00fcn\u00fcn ve \u00fclke b\u00fct\u00fcnl\u00fc\u011f\u00fcn\u00fcn temel ta\u015flar\u0131ndan biridir. Osmanl\u0131 Partisi olarak, ula\u015ft\u0131rma altyap\u0131s\u0131n\u0131 \u00e7a\u011f\u0131n gereklerine uygun, eri\u015filebilir ve s\u00fcrd\u00fcr\u00fclebilir \u015fekilde geli\u015ftirmeyi milli bir g\u00f6rev olarak g\u00f6r\u00fcyoruz.<\/p>\n\n\n\n<p>Tarih boyunca topraklar\u0131m\u0131z\u0131 birle\u015ftiren yollar, kervanlar ve demiryollar\u0131 medeniyetimizin simgelerindendir. Bug\u00fcn de ayn\u0131 tarih bilinciyle, T\u00fcrkiye\u2019yi karadan, denizden ve havadan g\u00fc\u00e7l\u00fc bir ula\u015f\u0131m a\u011f\u0131yla donatacak; milletimizin her k\u00f6\u015fesine kolay eri\u015fim sa\u011flayaca\u011f\u0131z.<\/p>\n\n\n\n<h4 class=\"wp-block-heading\"><strong>Politikalar\u0131m\u0131z ve Vaatlerimiz<\/strong><\/h4>\n\n\n\n<p>\u2022 Karayolu, demiryolu, denizyolu ve havayolu ula\u015ft\u0131rma altyap\u0131lar\u0131 planl\u0131 ve entegre bir \u015fekilde geli\u015ftirilecek; b\u00f6lgesel geli\u015fmi\u015flik farklar\u0131 azalt\u0131lacakt\u0131r.<\/p>\n\n\n\n<p>\u2022 Yollar\u0131n ve k\u00f6pr\u00fclerin g\u00fcvenli\u011fi \u00f6n planda tutulacak, bak\u0131m ve onar\u0131m \u00e7al\u0131\u015fmalar\u0131 d\u00fczenli olarak ger\u00e7ekle\u015ftirilecektir.<\/p>\n\n\n\n<p>\u2022 Toplu ta\u015f\u0131ma sistemleri yayg\u0131nla\u015ft\u0131r\u0131lacak, eri\u015filebilir, konforlu ve ekonomik ula\u015f\u0131m se\u00e7enekleri art\u0131r\u0131lacakt\u0131r.<\/p>\n\n\n\n<p>\u2022 Demiryolu ta\u015f\u0131mac\u0131l\u0131\u011f\u0131 \u00f6nceliklendirilecek; h\u0131zl\u0131 tren hatlar\u0131 ve y\u00fck ta\u015f\u0131mac\u0131l\u0131\u011f\u0131 altyap\u0131s\u0131 g\u00fc\u00e7lendirilecektir.<\/p>\n\n\n\n<p>\u2022 Limanlar modernize edilerek deniz ticareti ve yolcu ta\u015f\u0131mac\u0131l\u0131\u011f\u0131 art\u0131r\u0131lacak, T\u00fcrkiye\u2019nin d\u0131\u015fa a\u00e7\u0131lan kap\u0131lar\u0131 g\u00fc\u00e7lendirilecektir.<\/p>\n\n\n\n<p>\u2022 Havayolu ula\u015f\u0131m\u0131 geli\u015ftirilecek, i\u00e7 ve d\u0131\u015f hatlarda hizmet kalitesi art\u0131r\u0131lacak; havaalanlar\u0131 altyap\u0131s\u0131 modernize edilecektir.<\/p>\n\n\n\n<p>\u2022 Ula\u015f\u0131mda \u00e7evre dostu ve enerji verimli teknolojiler te\u015fvik edilecek, karbon sal\u0131n\u0131m\u0131 azalt\u0131larak s\u00fcrd\u00fcr\u00fclebilirlik sa\u011flanacakt\u0131r.<\/p>\n\n\n\n<p>\u2022 K\u0131rsal ve uzak b\u00f6lgelerde ula\u015f\u0131m hizmetlerine eri\u015fim kolayla\u015ft\u0131r\u0131lacak; vatanda\u015flar\u0131m\u0131z\u0131n ya\u015fam kalitesi art\u0131r\u0131lacakt\u0131r.<\/p>\n\n\n\n<p>Osmanl\u0131 Partisi olarak, ula\u015f\u0131m\u0131 sadece bir altyap\u0131 yat\u0131r\u0131m\u0131 de\u011fil; milletimizi birle\u015ftiren, ekonomimizi g\u00fc\u00e7lendiren ve toplumumuzu kalk\u0131nd\u0131ran stratejik bir hizmet olarak g\u00f6r\u00fcyoruz. T\u00fcrkiye\u2019yi modern ve \u00e7a\u011fda\u015f bir ula\u015f\u0131m a\u011f\u0131yla donatmak i\u00e7in kararl\u0131l\u0131kla \u00e7al\u0131\u015faca\u011f\u0131z.<\/p>\n","protected":false},"excerpt":{"rendered":"<p>Ula\u015ft\u0131rma, bir milletin ekonomik b\u00fcy\u00fcmesinin, sosyal b\u00fct\u00fcnl\u00fc\u011f\u00fcn\u00fcn ve \u00fclke b\u00fct\u00fcnl\u00fc\u011f\u00fcn\u00fcn temel ta\u015flar\u0131ndan biridir. Osmanl\u0131 Partisi olarak, ula\u015ft\u0131rma altyap\u0131s\u0131n\u0131 \u00e7a\u011f\u0131n gereklerine uygun, eri\u015filebilir ve s\u00fcrd\u00fcr\u00fclebilir \u015fekilde geli\u015ftirmeyi milli bir g\u00f6rev olarak g\u00f6r\u00fcyoruz. Tarih boyunca topraklar\u0131m\u0131z\u0131 birle\u015ftiren yollar, kervanlar ve demiryollar\u0131 medeniyetimizin simgelerindendir. Bug\u00fcn de ayn\u0131 tarih bilinciyle, T\u00fcrkiye\u2019yi karadan, denizden ve havadan g\u00fc\u00e7l\u00fc bir ula\u015f\u0131m a\u011f\u0131yla [&hellip;]<\/p>\n","protected":false},"author":1,"featured_media":601,"comment_status":"open","ping_status":"open","sticky":false,"template":"","format":"standard","meta":{"give_campaign_id":0,"jnews-multi-image_gallery":[],"jnews_single_post":[],"jnews_primary_category":[],"jnews_social_meta":[],"jnews_review":[],"enable_review":"","type":"","name":"","summary":"","brand":"","sku":"","good":[],"bad":[],"score_override":"","override_value":"","rating":[],"price":[],"jnews_override_counter":[],"jnews_post_split":[],"footnotes":""},"categories":[12],"tags":[],"class_list":["post-600","post","type-post","status-publish","format-standard","has-post-thumbnail","hentry","category-politika-ve-vaatlerimiz"],"_links":{"self":[{"href":"https:\/\/osmanlipartisi.org.tr\/index.php?rest_route=\/wp\/v2\/posts\/600","targetHints":{"allow":["GET"]}}],"collection":[{"href":"https:\/\/osmanlipartisi.org.tr\/index.php?rest_route=\/wp\/v2\/posts"}],"about":[{"href":"https:\/\/osmanlipartisi.org.tr\/index.php?rest_route=\/wp\/v2\/types\/post"}],"author":[{"embeddable":true,"href":"https:\/\/osmanlipartisi.org.tr\/index.php?rest_route=\/wp\/v2\/users\/1"}],"replies":[{"embeddable":true,"href":"https:\/\/osmanlipartisi.org.tr\/index.php?rest_route=%2Fwp%2Fv2%2Fcomments&post=600"}],"version-history":[{"count":1,"href":"https:\/\/osmanlipartisi.org.tr\/index.php?rest_route=\/wp\/v2\/posts\/600\/revisions"}],"predecessor-version":[{"id":602,"href":"https:\/\/osmanlipartisi.org.tr\/index.php?rest_route=\/wp\/v2\/posts\/600\/revisions\/602"}],"wp:featuredmedia":[{"embeddable":true,"href":"https:\/\/osmanlipartisi.org.tr\/index.php?rest_route=\/wp\/v2\/media\/601"}],"wp:attachment":[{"href":"https:\/\/osmanlipartisi.org.tr\/index.php?rest_route=%2Fwp%2Fv2%2Fmedia&parent=600"}],"wp:term":[{"taxonomy":"category","embeddable":true,"href":"https:\/\/osmanlipartisi.org.tr\/index.php?rest_route=%2Fwp%2Fv2%2Fcategories&post=600"},{"taxonomy":"post_tag","embeddable":true,"href":"https:\/\/osmanlipartisi.org.tr\/index.php?rest_route=%2Fwp%2Fv2%2Ftags&post=600"}],"curies":[{"name":"wp","href":"https:\/\/api.w.org\/{rel}","templated":true}]}}