{"id":596,"date":"2025-08-01T12:01:43","date_gmt":"2025-08-01T12:01:43","guid":{"rendered":"https:\/\/osmanlipartisi.org.tr\/?p=596"},"modified":"2025-08-01T12:01:43","modified_gmt":"2025-08-01T12:01:43","slug":"tarim-ve-hayvancilik","status":"publish","type":"post","link":"https:\/\/osmanlipartisi.org.tr\/?p=596","title":{"rendered":"TARIM VE HAYVANCILIK"},"content":{"rendered":"\n<p>T\u00fcrkiye\u2019nin gelece\u011fi, bereketli topraklar\u0131nda yeti\u015fen \u00fcr\u00fcnlerle, sa\u011fl\u0131kl\u0131 hayvanc\u0131l\u0131k faaliyetleriyle do\u011frudan ili\u015fkilidir. Osmanl\u0131 Partisi olarak, tar\u0131m ve hayvanc\u0131l\u0131\u011f\u0131 sadece ekonomik bir sekt\u00f6r de\u011fil; milli g\u0131da g\u00fcvenli\u011finin, k\u0131rsal kalk\u0131nman\u0131n ve milletimizin varl\u0131k temelinin ayr\u0131lmaz bir par\u00e7as\u0131 olarak g\u00f6r\u00fcyoruz.<\/p>\n\n\n\n<p>Tarih boyunca ecdad\u0131m\u0131z, \u00fcretimi te\u015fvik etmi\u015f, \u00e7ift\u00e7iyi ve hayvanc\u0131y\u0131 korumu\u015f, milli ekonomiyi g\u00fc\u00e7lendirmi\u015ftir. Bug\u00fcn de ayn\u0131 sorumluluk ve kararl\u0131l\u0131kla, \u00e7ift\u00e7ilerimizin eme\u011fini destekleyecek, tar\u0131m ve hayvanc\u0131l\u0131kta modern ve s\u00fcrd\u00fcr\u00fclebilir politikalarla \u00fclkemizi g\u0131da ba\u011f\u0131ms\u0131zl\u0131\u011f\u0131na ta\u015f\u0131yaca\u011f\u0131z.<\/p>\n\n\n\n<h4 class=\"wp-block-heading\"><strong>Politikalar\u0131m\u0131z ve Vaatlerimiz<\/strong><\/h4>\n\n\n\n<p>\u2022 Tar\u0131m ve hayvanc\u0131l\u0131k sekt\u00f6r\u00fcne y\u00f6nelik devlet destekleri art\u0131r\u0131lacak, \u00fcreticilerin finansmana eri\u015fimi kolayla\u015ft\u0131r\u0131lacakt\u0131r.<\/p>\n\n\n\n<p>\u2022 Modern tar\u0131m teknikleri ve teknolojileri yayg\u0131nla\u015ft\u0131r\u0131lacak; sulama, toprak analizleri ve verimlilik art\u0131r\u0131c\u0131 yat\u0131r\u0131mlar te\u015fvik edilecektir.<\/p>\n\n\n\n<p>\u2022 Yerli tohum \u00fcretimi desteklenecek, geneti\u011fi de\u011fi\u015ftirilmi\u015f \u00fcr\u00fcnlere kar\u015f\u0131 milli ve do\u011fal \u00fcretim \u00f6ncelenecektir.<\/p>\n\n\n\n<p>\u2022 Hayvanc\u0131l\u0131kta yem, veterinerlik hizmetleri ve hayvan sa\u011fl\u0131\u011f\u0131 alan\u0131nda altyap\u0131 g\u00fc\u00e7lendirilecek; \u00e7ift\u00e7ilerimize kapsaml\u0131 e\u011fitim ve destek programlar\u0131 sunulacakt\u0131r.<\/p>\n\n\n\n<p>\u2022 Tar\u0131m \u00fcr\u00fcnlerinin pazarlanmas\u0131 ve de\u011fer zincirinde \u00e7ift\u00e7inin pay\u0131n\u0131n art\u0131r\u0131lmas\u0131 i\u00e7in kooperatifle\u015fme ve yerli markala\u015fma desteklenecektir.<\/p>\n\n\n\n<p>\u2022 K\u0131rsal kalk\u0131nma projeleriyle tar\u0131msal altyap\u0131 iyile\u015ftirilecek; k\u00f6ylerde ya\u015fayan vatanda\u015flar\u0131m\u0131z\u0131n ya\u015fam kalitesi y\u00fckseltilecektir.<\/p>\n\n\n\n<p>\u2022 Tar\u0131m ve hayvanc\u0131l\u0131kta \u00e7evre dostu ve s\u00fcrd\u00fcr\u00fclebilir uygulamalar te\u015fvik edilerek do\u011fal denge korunacakt\u0131r.<\/p>\n\n\n\n<p>\u2022 G\u0131da g\u00fcvenli\u011fi milli bir \u00f6ncelik olarak ele al\u0131nacak; ithalat ba\u011f\u0131ml\u0131l\u0131\u011f\u0131 azalt\u0131larak yerli \u00fcretim desteklenecektir.<\/p>\n\n\n\n<p>Osmanl\u0131 Partisi, bereketli topraklar\u0131m\u0131z\u0131 en iyi \u015fekilde de\u011ferlendirmek, \u00e7ift\u00e7ilerimizin ve hayvanc\u0131l\u0131k yapan karde\u015flerimizin yan\u0131nda olmak i\u00e7in t\u00fcm g\u00fcc\u00fcyle \u00e7al\u0131\u015facakt\u0131r. \u00c7\u00fcnk\u00fc biz biliyoruz ki; sa\u011fl\u0131kl\u0131 ve g\u00fc\u00e7l\u00fc bir T\u00fcrkiye, \u00fcretmekle m\u00fcmk\u00fcnd\u00fcr.<\/p>\n","protected":false},"excerpt":{"rendered":"<p>T\u00fcrkiye\u2019nin gelece\u011fi, bereketli topraklar\u0131nda yeti\u015fen \u00fcr\u00fcnlerle, sa\u011fl\u0131kl\u0131 hayvanc\u0131l\u0131k faaliyetleriyle do\u011frudan ili\u015fkilidir. Osmanl\u0131 Partisi olarak, tar\u0131m ve hayvanc\u0131l\u0131\u011f\u0131 sadece ekonomik bir sekt\u00f6r de\u011fil; milli g\u0131da g\u00fcvenli\u011finin, k\u0131rsal kalk\u0131nman\u0131n ve milletimizin varl\u0131k temelinin ayr\u0131lmaz bir par\u00e7as\u0131 olarak g\u00f6r\u00fcyoruz. Tarih boyunca ecdad\u0131m\u0131z, \u00fcretimi te\u015fvik etmi\u015f, \u00e7ift\u00e7iyi ve hayvanc\u0131y\u0131 korumu\u015f, milli ekonomiyi g\u00fc\u00e7lendirmi\u015ftir. Bug\u00fcn de ayn\u0131 sorumluluk ve kararl\u0131l\u0131kla, [&hellip;]<\/p>\n","protected":false},"author":1,"featured_media":597,"comment_status":"open","ping_status":"open","sticky":false,"template":"","format":"standard","meta":{"give_campaign_id":0,"jnews-multi-image_gallery":[],"jnews_single_post":[],"jnews_primary_category":[],"jnews_social_meta":[],"jnews_review":[],"enable_review":"","type":"","name":"","summary":"","brand":"","sku":"","good":[],"bad":[],"score_override":"","override_value":"","rating":[],"price":[],"jnews_override_counter":[],"jnews_post_split":[],"footnotes":""},"categories":[12],"tags":[],"class_list":["post-596","post","type-post","status-publish","format-standard","has-post-thumbnail","hentry","category-politika-ve-vaatlerimiz"],"_links":{"self":[{"href":"https:\/\/osmanlipartisi.org.tr\/index.php?rest_route=\/wp\/v2\/posts\/596","targetHints":{"allow":["GET"]}}],"collection":[{"href":"https:\/\/osmanlipartisi.org.tr\/index.php?rest_route=\/wp\/v2\/posts"}],"about":[{"href":"https:\/\/osmanlipartisi.org.tr\/index.php?rest_route=\/wp\/v2\/types\/post"}],"author":[{"embeddable":true,"href":"https:\/\/osmanlipartisi.org.tr\/index.php?rest_route=\/wp\/v2\/users\/1"}],"replies":[{"embeddable":true,"href":"https:\/\/osmanlipartisi.org.tr\/index.php?rest_route=%2Fwp%2Fv2%2Fcomments&post=596"}],"version-history":[{"count":1,"href":"https:\/\/osmanlipartisi.org.tr\/index.php?rest_route=\/wp\/v2\/posts\/596\/revisions"}],"predecessor-version":[{"id":598,"href":"https:\/\/osmanlipartisi.org.tr\/index.php?rest_route=\/wp\/v2\/posts\/596\/revisions\/598"}],"wp:featuredmedia":[{"embeddable":true,"href":"https:\/\/osmanlipartisi.org.tr\/index.php?rest_route=\/wp\/v2\/media\/597"}],"wp:attachment":[{"href":"https:\/\/osmanlipartisi.org.tr\/index.php?rest_route=%2Fwp%2Fv2%2Fmedia&parent=596"}],"wp:term":[{"taxonomy":"category","embeddable":true,"href":"https:\/\/osmanlipartisi.org.tr\/index.php?rest_route=%2Fwp%2Fv2%2Fcategories&post=596"},{"taxonomy":"post_tag","embeddable":true,"href":"https:\/\/osmanlipartisi.org.tr\/index.php?rest_route=%2Fwp%2Fv2%2Ftags&post=596"}],"curies":[{"name":"wp","href":"https:\/\/api.w.org\/{rel}","templated":true}]}}