{"id":592,"date":"2025-08-01T11:57:11","date_gmt":"2025-08-01T11:57:11","guid":{"rendered":"https:\/\/osmanlipartisi.org.tr\/?p=592"},"modified":"2025-08-01T11:57:11","modified_gmt":"2025-08-01T11:57:11","slug":"suriyeli-multeciler","status":"publish","type":"post","link":"https:\/\/osmanlipartisi.org.tr\/?p=592","title":{"rendered":"SUR\u0130YEL\u0130 M\u00dcLTEC\u0130LER"},"content":{"rendered":"\n<p>T\u00fcrkiye, tarih boyunca insanl\u0131k ve misafirperverlik de\u011ferleriyle tan\u0131nm\u0131\u015f bir millettir. Suriye\u2019de ya\u015fanan kriz nedeniyle \u00fclkemize s\u0131\u011f\u0131nan Suriyeli m\u00fclteciler, zorunlu \u015fartlarla vatanlar\u0131ndan ayr\u0131larak g\u00fcvenli bir ya\u015fam arayan insanlard\u0131r. Osmanl\u0131 Partisi olarak, insani de\u011ferlerimiz ve milli \u00e7\u0131karlar\u0131m\u0131z do\u011frultusunda bu meseleye yakla\u015fmay\u0131 temel prensibimiz kabul ediyoruz.<\/p>\n\n\n\n<p>\u00dclkemizin s\u0131n\u0131rlar\u0131n\u0131n ve kaynaklar\u0131n\u0131n korunmas\u0131, toplumun sosyal yap\u0131s\u0131n\u0131n zarar g\u00f6rmemesi, m\u00fclteci haklar\u0131n\u0131n korunmas\u0131 ve T\u00fcrkiye\u2019nin uluslararas\u0131 y\u00fck\u00fcml\u00fcl\u00fckleri dengeli bir \u015fekilde y\u00f6netilmelidir. Hem m\u00fcltecilerin insani ihtiya\u00e7lar\u0131 kar\u015f\u0131lanacak hem de vatanda\u015flar\u0131m\u0131z\u0131n haklar\u0131 korunacakt\u0131r.<\/p>\n\n\n\n<h4 class=\"wp-block-heading\"><strong>Politikalar\u0131m\u0131z ve Vaatlerimiz<\/strong><\/h4>\n\n\n\n<p>\u2022 Suriyeli m\u00fcltecilerin temel insani ihtiya\u00e7lar\u0131n\u0131n kar\u015f\u0131lanmas\u0131 i\u00e7in devlet ve sivil toplum i\u015f birli\u011fi art\u0131r\u0131lacak; sa\u011fl\u0131k, e\u011fitim ve bar\u0131nma hizmetleri iyile\u015ftirilecektir.<\/p>\n\n\n\n<p>\u2022 M\u00fcltecilerin entegrasyonu konusunda k\u00fclt\u00fcrel uyum ve toplumsal bar\u0131\u015f \u00f6ncelikli hedef olacakt\u0131r; dil \u00f6\u011frenimi ve sosyal destek programlar\u0131 yayg\u0131nla\u015ft\u0131r\u0131lacakt\u0131r.<\/p>\n\n\n\n<p>\u2022 T\u00fcrkiye\u2019nin ekonomik ve sosyal dengeleri g\u00f6zetilerek, m\u00fcltecilerin istihdam\u0131 ve e\u011fitim alan\u0131nda kontroll\u00fc ve planl\u0131 politikalar uygulanacakt\u0131r.<\/p>\n\n\n\n<p>\u2022 Ge\u00e7ici koruma stat\u00fcs\u00fcndeki m\u00fcltecilerin haklar\u0131 hukuki \u00e7er\u00e7evede korunacak; yasa d\u0131\u015f\u0131 faaliyetlerin ve toplumsal huzursuzluklar\u0131n \u00f6n\u00fcne ge\u00e7ilecektir.<\/p>\n\n\n\n<p>\u2022 Suriyeli m\u00fcltecilerin geri d\u00f6n\u00fc\u015f\u00fc i\u00e7in uluslararas\u0131 bar\u0131\u015f ve g\u00fcvenlik ortam\u0131n\u0131n sa\u011flanmas\u0131 y\u00f6n\u00fcnde diplomatik \u00e7abalar art\u0131r\u0131lacak, g\u00fcvenli ve g\u00f6n\u00fcll\u00fc d\u00f6n\u00fc\u015f desteklenecektir.<\/p>\n\n\n\n<p>\u2022 Kamu d\u00fczeni ve g\u00fcvenli\u011fi i\u00e7in gerekli t\u00fcm tedbirler al\u0131nacak, m\u00fclteci ve yerel halk aras\u0131nda adil ve dengeli politikalar uygulanacakt\u0131r.<\/p>\n\n\n\n<p>\u2022 Toplumda \u00f6tekile\u015ftirme ve ayr\u0131mc\u0131l\u0131\u011fa kar\u015f\u0131 bilin\u00e7lendirme kampanyalar\u0131 d\u00fczenlenecek, karde\u015flik ve birlik duygusu g\u00fc\u00e7lendirilecektir.<\/p>\n\n\n\n<p>Osmanl\u0131 Partisi, hem insanl\u0131\u011f\u0131n hem de milletimizin de\u011ferlerini koruyan, bar\u0131\u015f ve adalet temelli bir m\u00fclteci politikas\u0131 ile hem Suriyeli karde\u015flerimizin hem de T\u00fcrk halk\u0131n\u0131n hak ve g\u00fcvenli\u011fini sa\u011flayacakt\u0131r. \u00c7\u00fcnk\u00fc biz biliyoruz ki; ger\u00e7ek g\u00fc\u00e7, insanl\u0131k ve adaletle ayakta durur.<\/p>\n","protected":false},"excerpt":{"rendered":"<p>T\u00fcrkiye, tarih boyunca insanl\u0131k ve misafirperverlik de\u011ferleriyle tan\u0131nm\u0131\u015f bir millettir. Suriye\u2019de ya\u015fanan kriz nedeniyle \u00fclkemize s\u0131\u011f\u0131nan Suriyeli m\u00fclteciler, zorunlu \u015fartlarla vatanlar\u0131ndan ayr\u0131larak g\u00fcvenli bir ya\u015fam arayan insanlard\u0131r. Osmanl\u0131 Partisi olarak, insani de\u011ferlerimiz ve milli \u00e7\u0131karlar\u0131m\u0131z do\u011frultusunda bu meseleye yakla\u015fmay\u0131 temel prensibimiz kabul ediyoruz. \u00dclkemizin s\u0131n\u0131rlar\u0131n\u0131n ve kaynaklar\u0131n\u0131n korunmas\u0131, toplumun sosyal yap\u0131s\u0131n\u0131n zarar g\u00f6rmemesi, m\u00fclteci haklar\u0131n\u0131n [&hellip;]<\/p>\n","protected":false},"author":1,"featured_media":593,"comment_status":"open","ping_status":"open","sticky":false,"template":"","format":"standard","meta":{"give_campaign_id":0,"jnews-multi-image_gallery":[],"jnews_single_post":[],"jnews_primary_category":[],"jnews_social_meta":[],"jnews_review":[],"enable_review":"","type":"","name":"","summary":"","brand":"","sku":"","good":[],"bad":[],"score_override":"","override_value":"","rating":[],"price":[],"jnews_override_counter":[],"jnews_post_split":[],"footnotes":""},"categories":[12],"tags":[],"class_list":["post-592","post","type-post","status-publish","format-standard","has-post-thumbnail","hentry","category-politika-ve-vaatlerimiz"],"_links":{"self":[{"href":"https:\/\/osmanlipartisi.org.tr\/index.php?rest_route=\/wp\/v2\/posts\/592","targetHints":{"allow":["GET"]}}],"collection":[{"href":"https:\/\/osmanlipartisi.org.tr\/index.php?rest_route=\/wp\/v2\/posts"}],"about":[{"href":"https:\/\/osmanlipartisi.org.tr\/index.php?rest_route=\/wp\/v2\/types\/post"}],"author":[{"embeddable":true,"href":"https:\/\/osmanlipartisi.org.tr\/index.php?rest_route=\/wp\/v2\/users\/1"}],"replies":[{"embeddable":true,"href":"https:\/\/osmanlipartisi.org.tr\/index.php?rest_route=%2Fwp%2Fv2%2Fcomments&post=592"}],"version-history":[{"count":1,"href":"https:\/\/osmanlipartisi.org.tr\/index.php?rest_route=\/wp\/v2\/posts\/592\/revisions"}],"predecessor-version":[{"id":594,"href":"https:\/\/osmanlipartisi.org.tr\/index.php?rest_route=\/wp\/v2\/posts\/592\/revisions\/594"}],"wp:featuredmedia":[{"embeddable":true,"href":"https:\/\/osmanlipartisi.org.tr\/index.php?rest_route=\/wp\/v2\/media\/593"}],"wp:attachment":[{"href":"https:\/\/osmanlipartisi.org.tr\/index.php?rest_route=%2Fwp%2Fv2%2Fmedia&parent=592"}],"wp:term":[{"taxonomy":"category","embeddable":true,"href":"https:\/\/osmanlipartisi.org.tr\/index.php?rest_route=%2Fwp%2Fv2%2Fcategories&post=592"},{"taxonomy":"post_tag","embeddable":true,"href":"https:\/\/osmanlipartisi.org.tr\/index.php?rest_route=%2Fwp%2Fv2%2Ftags&post=592"}],"curies":[{"name":"wp","href":"https:\/\/api.w.org\/{rel}","templated":true}]}}