{"id":588,"date":"2025-08-01T11:55:40","date_gmt":"2025-08-01T11:55:40","guid":{"rendered":"https:\/\/osmanlipartisi.org.tr\/?p=588"},"modified":"2025-08-01T11:55:40","modified_gmt":"2025-08-01T11:55:40","slug":"sosyal-politikalar","status":"publish","type":"post","link":"https:\/\/osmanlipartisi.org.tr\/?p=588","title":{"rendered":"SOSYAL POL\u0130T\u0130KALAR"},"content":{"rendered":"\n<p>Toplumun her ferdinin huzur ve refah i\u00e7inde ya\u015famas\u0131, g\u00fc\u00e7l\u00fc bir milletin temelidir. Osmanl\u0131 Partisi olarak sosyal politikalar\u0131, vatanda\u015flar\u0131m\u0131z aras\u0131nda adaletin sa\u011flanmas\u0131, dayan\u0131\u015fman\u0131n g\u00fc\u00e7lendirilmesi ve devletin sosyal sorumluluklar\u0131n\u0131 eksiksiz yerine getirmesi olarak g\u00f6r\u00fcyoruz. Bizim i\u00e7in sosyal politikalar; sadece yard\u0131m da\u011f\u0131tmak de\u011fil, insan onurunu koruyan, f\u0131rsat e\u015fitli\u011fi yaratan, \u00fcretime ve kalk\u0131nmaya katk\u0131 sa\u011flayan kapsaml\u0131 bir hizmet alan\u0131d\u0131r.<\/p>\n\n\n\n<p>T\u00fcrkiye\u2019nin ekonomik kalk\u0131nmas\u0131 artarken, sosyal adaletten taviz verilmemesi gerekti\u011finin bilinciyle hareket ediyoruz. Dar gelirli aileler, engelliler, ya\u015fl\u0131lar, kad\u0131nlar ve \u00e7ocuklar gibi toplumun t\u00fcm kesimlerinin haklar\u0131 g\u00fcvence alt\u0131na al\u0131nacak; sosyal devlet anlay\u0131\u015f\u0131 etkin bi\u00e7imde hayata ge\u00e7irilecektir.<\/p>\n\n\n\n<h4 class=\"wp-block-heading\">Politikalar\u0131m\u0131z ve Vaatlerimiz<\/h4>\n\n\n\n<p>\u2022 Sosyal yard\u0131mlar sistematik ve \u015feffaf bir yap\u0131ya kavu\u015fturulacak; yard\u0131ma ihtiyac\u0131 olan her vatanda\u015f\u0131m\u0131za zaman\u0131nda ve yeterli destek sa\u011flanacakt\u0131r.<\/p>\n\n\n\n<p>\u2022 <strong>Engelli bireylerin sosyal hayata kat\u0131l\u0131m\u0131<\/strong> kolayla\u015ft\u0131r\u0131lacak; e\u011fitim, istihdam ve sosyal hizmetlerde f\u0131rsat e\u015fitli\u011fi yarat\u0131lacakt\u0131r.<\/p>\n\n\n\n<p>\u2022 Aile yap\u0131s\u0131n\u0131 g\u00fc\u00e7lendirecek politikalar geli\u015ftirilecek; \u00f6zellikle kad\u0131nlar\u0131n ekonomik hayata kat\u0131l\u0131m\u0131 te\u015fvik edilecek, annelik desteklenecektir.<\/p>\n\n\n\n<p>\u2022 Ya\u015fl\u0131lar i\u00e7in sa\u011fl\u0131k, bak\u0131m ve sosyal destek hizmetleri art\u0131r\u0131lacak, onlara sayg\u0131 ve \u015fefkatle yakla\u015f\u0131lmas\u0131 toplumda yayg\u0131nla\u015ft\u0131r\u0131lacakt\u0131r.<\/p>\n\n\n\n<p>\u2022 \u00c7ocuklar\u0131n e\u011fitim, sa\u011fl\u0131k ve sosyal geli\u015fimleri \u00f6nceliklendirilecek; \u00e7ocuk i\u015f\u00e7ili\u011fi ve istismar\u0131na kar\u015f\u0131 kararl\u0131 m\u00fccadele y\u00fcr\u00fct\u00fclecektir.<\/p>\n\n\n\n<p>\u2022 \u0130\u015fsizlere y\u00f6nelik meslek edindirme kurslar\u0131, istihdam destek programlar\u0131 ve gen\u00e7 giri\u015fimcilik te\u015fvikleri geni\u015fletilecektir.<\/p>\n\n\n\n<p>\u2022 Sosyal konut projeleri h\u0131zland\u0131r\u0131larak, dar gelirli vatanda\u015flar\u0131m\u0131z\u0131n uygun bar\u0131nma imkanlar\u0131na eri\u015fimi sa\u011flanacakt\u0131r.<\/p>\n\n\n\n<p>\u2022 Toplumsal dayan\u0131\u015fmay\u0131 art\u0131rmak amac\u0131yla sivil toplum kurulu\u015flar\u0131 ve yerel y\u00f6netimlerle i\u015f birli\u011fi g\u00fc\u00e7lendirilecektir.<\/p>\n\n\n\n<p>\u2022 Sosyal politikalar\u0131n planlanmas\u0131 ve uygulanmas\u0131nda vatanda\u015flar\u0131n g\u00f6r\u00fc\u015flerine \u00f6nem verilecek, kat\u0131l\u0131mc\u0131 ve \u015feffaf y\u00f6netim anlay\u0131\u015f\u0131 benimsenecektir.<\/p>\n\n\n\n<p>Osmanl\u0131 Partisi, hi\u00e7bir vatanda\u015f\u0131n\u0131 geride b\u0131rakmayan, adil ve g\u00fc\u00e7l\u00fc bir sosyal devlet modeli in\u015fa etmeye kararl\u0131d\u0131r. \u00c7\u00fcnk\u00fc biz biliyoruz ki; ger\u00e7ek kalk\u0131nma, toplumun t\u00fcm kesimlerinin refah\u0131n\u0131 ve mutlulu\u011funu birlikte art\u0131rmakla m\u00fcmk\u00fcn olur.<\/p>\n","protected":false},"excerpt":{"rendered":"<p>Toplumun her ferdinin huzur ve refah i\u00e7inde ya\u015famas\u0131, g\u00fc\u00e7l\u00fc bir milletin temelidir. Osmanl\u0131 Partisi olarak sosyal politikalar\u0131, vatanda\u015flar\u0131m\u0131z aras\u0131nda adaletin sa\u011flanmas\u0131, dayan\u0131\u015fman\u0131n g\u00fc\u00e7lendirilmesi ve devletin sosyal sorumluluklar\u0131n\u0131 eksiksiz yerine getirmesi olarak g\u00f6r\u00fcyoruz. Bizim i\u00e7in sosyal politikalar; sadece yard\u0131m da\u011f\u0131tmak de\u011fil, insan onurunu koruyan, f\u0131rsat e\u015fitli\u011fi yaratan, \u00fcretime ve kalk\u0131nmaya katk\u0131 sa\u011flayan kapsaml\u0131 bir hizmet alan\u0131d\u0131r. [&hellip;]<\/p>\n","protected":false},"author":1,"featured_media":589,"comment_status":"open","ping_status":"open","sticky":false,"template":"","format":"standard","meta":{"give_campaign_id":0,"jnews-multi-image_gallery":[],"jnews_single_post":[],"jnews_primary_category":[],"jnews_social_meta":[],"jnews_review":[],"enable_review":"","type":"","name":"","summary":"","brand":"","sku":"","good":[],"bad":[],"score_override":"","override_value":"","rating":[],"price":[],"jnews_override_counter":[],"jnews_post_split":[],"footnotes":""},"categories":[12],"tags":[],"class_list":["post-588","post","type-post","status-publish","format-standard","has-post-thumbnail","hentry","category-politika-ve-vaatlerimiz"],"_links":{"self":[{"href":"https:\/\/osmanlipartisi.org.tr\/index.php?rest_route=\/wp\/v2\/posts\/588","targetHints":{"allow":["GET"]}}],"collection":[{"href":"https:\/\/osmanlipartisi.org.tr\/index.php?rest_route=\/wp\/v2\/posts"}],"about":[{"href":"https:\/\/osmanlipartisi.org.tr\/index.php?rest_route=\/wp\/v2\/types\/post"}],"author":[{"embeddable":true,"href":"https:\/\/osmanlipartisi.org.tr\/index.php?rest_route=\/wp\/v2\/users\/1"}],"replies":[{"embeddable":true,"href":"https:\/\/osmanlipartisi.org.tr\/index.php?rest_route=%2Fwp%2Fv2%2Fcomments&post=588"}],"version-history":[{"count":1,"href":"https:\/\/osmanlipartisi.org.tr\/index.php?rest_route=\/wp\/v2\/posts\/588\/revisions"}],"predecessor-version":[{"id":590,"href":"https:\/\/osmanlipartisi.org.tr\/index.php?rest_route=\/wp\/v2\/posts\/588\/revisions\/590"}],"wp:featuredmedia":[{"embeddable":true,"href":"https:\/\/osmanlipartisi.org.tr\/index.php?rest_route=\/wp\/v2\/media\/589"}],"wp:attachment":[{"href":"https:\/\/osmanlipartisi.org.tr\/index.php?rest_route=%2Fwp%2Fv2%2Fmedia&parent=588"}],"wp:term":[{"taxonomy":"category","embeddable":true,"href":"https:\/\/osmanlipartisi.org.tr\/index.php?rest_route=%2Fwp%2Fv2%2Fcategories&post=588"},{"taxonomy":"post_tag","embeddable":true,"href":"https:\/\/osmanlipartisi.org.tr\/index.php?rest_route=%2Fwp%2Fv2%2Ftags&post=588"}],"curies":[{"name":"wp","href":"https:\/\/api.w.org\/{rel}","templated":true}]}}