{"id":584,"date":"2025-08-01T11:54:13","date_gmt":"2025-08-01T11:54:13","guid":{"rendered":"https:\/\/osmanlipartisi.org.tr\/?p=584"},"modified":"2025-08-01T11:54:13","modified_gmt":"2025-08-01T11:54:13","slug":"sanayi-ve-teknoloji","status":"publish","type":"post","link":"https:\/\/osmanlipartisi.org.tr\/?p=584","title":{"rendered":"SANAY\u0130 VE TEKNOLOJ\u0130"},"content":{"rendered":"\n<p>Sanayi ve teknoloji, bir milletin ekonomik g\u00fcc\u00fcn\u00fcn ve ba\u011f\u0131ms\u0131zl\u0131\u011f\u0131n\u0131n en \u00f6nemli yap\u0131 ta\u015flar\u0131d\u0131r. Osmanl\u0131 Partisi olarak, T\u00fcrkiye\u2019nin \u00fcretimden kopuk, d\u0131\u015fa ba\u011f\u0131ml\u0131 ekonomik modelini de\u011fi\u015ftirmeyi; yerli ve milli sanayi altyap\u0131s\u0131n\u0131 g\u00fc\u00e7lendirmeyi, teknolojiye dayal\u0131 kalk\u0131nmay\u0131 h\u0131zland\u0131rmay\u0131 esas al\u0131yoruz.<\/p>\n\n\n\n<p>Ecdad\u0131m\u0131z, zaman\u0131n\u0131n en ileri teknolojilerini takip etmi\u015f, \u00fcretim ve ticarette b\u00f6lgesel bir merkez olmu\u015ftur. Bizler bu miras\u0131 sahiplenerek, \u00e7a\u011f\u0131n gereksinimlerine uygun, yenilik\u00e7i ve rekabet\u00e7i bir sanayi ve teknoloji politikas\u0131yla T\u00fcrkiye\u2019yi d\u00fcnya sahnesinde hak etti\u011fi yere ta\u015f\u0131yaca\u011f\u0131z.<\/p>\n\n\n\n<h4 class=\"wp-block-heading\">Politikalar\u0131m\u0131z ve Vaatlerimiz<\/h4>\n\n\n\n<p>\u2022 Yerli \u00fcretim ve milli teknoloji geli\u015ftirme \u00f6ncelikli hedefimizdir. Sanayi tesislerinin modernizasyonu ve kapasite art\u0131r\u0131m\u0131 sa\u011flanacak, ithalata olan ba\u011f\u0131ml\u0131l\u0131k azalt\u0131lacakt\u0131r.<\/p>\n\n\n\n<p>\u2022 Ar-Ge faaliyetlerine devlet deste\u011fi art\u0131r\u0131lacak; \u00fcniversiteler, ara\u015ft\u0131rma merkezleri ve sanayi kurulu\u015flar\u0131 aras\u0131nda g\u00fc\u00e7l\u00fc i\u015f birlikleri kurulacakt\u0131r.<\/p>\n\n\n\n<p>\u2022 KOB\u0130\u2019lerin teknolojik d\u00f6n\u00fc\u015f\u00fcm\u00fc desteklenecek, dijitalle\u015fme ve otomasyon alanlar\u0131nda te\u015fvikler sa\u011flanacakt\u0131r.<\/p>\n\n\n\n<p>\u2022 \u0130leri teknoloji alanlar\u0131nda (yapay zeka, robotik, biyoteknoloji, savunma sanayi vb.) yat\u0131r\u0131mlar h\u0131zland\u0131r\u0131lacak, yerli \u00fcretim oranlar\u0131 y\u00fckseltilecektir.<\/p>\n\n\n\n<p>\u2022 Sanayi b\u00f6lgeleri ve organize sanayi alanlar\u0131nda altyap\u0131 iyile\u015ftirmeleri yap\u0131lacak, \u00e7evre dostu ve s\u00fcrd\u00fcr\u00fclebilir \u00fcretim modelleri te\u015fvik edilecektir.<\/p>\n\n\n\n<p>\u2022 Teknoloji ve inovasyon ekosistemi desteklenecek, gen\u00e7 giri\u015fimciler ve teknoloji firmalar\u0131na finansman, e\u011fitim ve mentorluk imkanlar\u0131 sunulacakt\u0131r.<\/p>\n\n\n\n<p>\u2022 \u0130thalat ba\u011f\u0131ml\u0131l\u0131\u011f\u0131n\u0131 azaltmak i\u00e7in yerli hammaddelerin \u00fcretimi ve kullan\u0131m\u0131 art\u0131r\u0131lacak, enerji verimlili\u011fi g\u00f6zetilerek maliyetler d\u00fc\u015f\u00fcr\u00fclecektir.<\/p>\n\n\n\n<p>\u2022 Teknoloji okuryazarl\u0131\u011f\u0131 e\u011fitimi yayg\u0131nla\u015ft\u0131r\u0131lacak; i\u015f g\u00fcc\u00fc nitelikleri \u00e7a\u011f\u0131n ihtiya\u00e7lar\u0131na g\u00f6re \u015fekillendirilecektir.<\/p>\n\n\n\n<p>\u2022 Sanayi ve teknolojide milli g\u00fcvenlik hassasiyeti \u00f6n planda tutulacak, kritik teknolojilerde d\u0131\u015fa ba\u011f\u0131ml\u0131l\u0131k en aza indirilecektir.<\/p>\n\n\n\n<p>Osmanl\u0131 Partisi, sanayi ve teknolojiyi T\u00fcrkiye\u2019nin kalk\u0131nmas\u0131n\u0131n motoru olarak g\u00f6r\u00fcyor. \u00dcretimle, inovasyonla ve milli g\u00fc\u00e7le dolu bir T\u00fcrkiye i\u00e7in, gen\u00e7lerimizin yeteneklerini en iyi \u015fekilde de\u011ferlendirebilece\u011fi, \u00fclkemizin kaynaklar\u0131n\u0131 verimli kullanabilece\u011fi bir sanayi ve teknoloji politikas\u0131 in\u015fa edece\u011fiz.<\/p>\n","protected":false},"excerpt":{"rendered":"<p>Sanayi ve teknoloji, bir milletin ekonomik g\u00fcc\u00fcn\u00fcn ve ba\u011f\u0131ms\u0131zl\u0131\u011f\u0131n\u0131n en \u00f6nemli yap\u0131 ta\u015flar\u0131d\u0131r. Osmanl\u0131 Partisi olarak, T\u00fcrkiye\u2019nin \u00fcretimden kopuk, d\u0131\u015fa ba\u011f\u0131ml\u0131 ekonomik modelini de\u011fi\u015ftirmeyi; yerli ve milli sanayi altyap\u0131s\u0131n\u0131 g\u00fc\u00e7lendirmeyi, teknolojiye dayal\u0131 kalk\u0131nmay\u0131 h\u0131zland\u0131rmay\u0131 esas al\u0131yoruz. Ecdad\u0131m\u0131z, zaman\u0131n\u0131n en ileri teknolojilerini takip etmi\u015f, \u00fcretim ve ticarette b\u00f6lgesel bir merkez olmu\u015ftur. Bizler bu miras\u0131 sahiplenerek, \u00e7a\u011f\u0131n [&hellip;]<\/p>\n","protected":false},"author":1,"featured_media":585,"comment_status":"open","ping_status":"open","sticky":false,"template":"","format":"standard","meta":{"give_campaign_id":0,"jnews-multi-image_gallery":[],"jnews_single_post":[],"jnews_primary_category":[],"jnews_social_meta":[],"jnews_review":[],"enable_review":"","type":"","name":"","summary":"","brand":"","sku":"","good":[],"bad":[],"score_override":"","override_value":"","rating":[],"price":[],"jnews_override_counter":[],"jnews_post_split":[],"footnotes":""},"categories":[12],"tags":[],"class_list":["post-584","post","type-post","status-publish","format-standard","has-post-thumbnail","hentry","category-politika-ve-vaatlerimiz"],"_links":{"self":[{"href":"https:\/\/osmanlipartisi.org.tr\/index.php?rest_route=\/wp\/v2\/posts\/584","targetHints":{"allow":["GET"]}}],"collection":[{"href":"https:\/\/osmanlipartisi.org.tr\/index.php?rest_route=\/wp\/v2\/posts"}],"about":[{"href":"https:\/\/osmanlipartisi.org.tr\/index.php?rest_route=\/wp\/v2\/types\/post"}],"author":[{"embeddable":true,"href":"https:\/\/osmanlipartisi.org.tr\/index.php?rest_route=\/wp\/v2\/users\/1"}],"replies":[{"embeddable":true,"href":"https:\/\/osmanlipartisi.org.tr\/index.php?rest_route=%2Fwp%2Fv2%2Fcomments&post=584"}],"version-history":[{"count":1,"href":"https:\/\/osmanlipartisi.org.tr\/index.php?rest_route=\/wp\/v2\/posts\/584\/revisions"}],"predecessor-version":[{"id":586,"href":"https:\/\/osmanlipartisi.org.tr\/index.php?rest_route=\/wp\/v2\/posts\/584\/revisions\/586"}],"wp:featuredmedia":[{"embeddable":true,"href":"https:\/\/osmanlipartisi.org.tr\/index.php?rest_route=\/wp\/v2\/media\/585"}],"wp:attachment":[{"href":"https:\/\/osmanlipartisi.org.tr\/index.php?rest_route=%2Fwp%2Fv2%2Fmedia&parent=584"}],"wp:term":[{"taxonomy":"category","embeddable":true,"href":"https:\/\/osmanlipartisi.org.tr\/index.php?rest_route=%2Fwp%2Fv2%2Fcategories&post=584"},{"taxonomy":"post_tag","embeddable":true,"href":"https:\/\/osmanlipartisi.org.tr\/index.php?rest_route=%2Fwp%2Fv2%2Ftags&post=584"}],"curies":[{"name":"wp","href":"https:\/\/api.w.org\/{rel}","templated":true}]}}